{"id":4362,"date":"2026-09-02T13:58:53","date_gmt":"2026-09-02T11:58:53","guid":{"rendered":"https:\/\/fundacionelenabarraquer.com\/tanzania-una-experiencia-que-no-vamos-a-olvidar\/"},"modified":"2026-09-02T14:00:36","modified_gmt":"2026-09-02T12:00:36","slug":"tanzania-una-experiencia-que-no-vamos-a-olvidar","status":"publish","type":"post","link":"https:\/\/fundacionelenabarraquer.com\/en\/tanzania-una-experiencia-que-no-vamos-a-olvidar\/","title":{"rendered":"Tanzania: una experiencia que no vamos a olvidar"},"content":{"rendered":"<p class=\"isSelectedEnd\">Hay viajes que se recuerdan por los lugares que visitas. Otros, por las personas que conoces.<\/p>\n<p class=\"isSelectedEnd\">Nuestro viaje a Tanzania ha sido de los segundos.<\/p>\n<p class=\"isSelectedEnd\">Fuimos juntas, como amigas y como voluntarias de campo de la Fundaci\u00f3n Elena Barraquer, sin saber exactamente c\u00f3mo ser\u00eda la experiencia. Sab\u00edamos que \u00edbamos a trabajar, que habr\u00eda pacientes, que acompa\u00f1ar\u00edamos al equipo y que formar\u00edamos parte de una expedici\u00f3n quir\u00fargica.<\/p>\n<p class=\"isSelectedEnd\">Pero una cosa es saberlo y otra muy diferente es vivirlo.<\/p>\n<p class=\"isSelectedEnd\">Durante la expedici\u00f3n fuimos conociendo a personas que llevaban meses, y en algunos casos a\u00f1os, conviviendo con una visi\u00f3n muy limitada debido a las cataratas. Personas para las que algo tan sencillo para nosotros como ver la cara de un familiar, caminar sin ayuda o reconocer lo que tienen delante se hab\u00eda convertido en algo dif\u00edcil.<\/p>\n<p class=\"isSelectedEnd\">Y entonces llega la cirug\u00eda.<\/p>\n<p class=\"isSelectedEnd\">Y despu\u00e9s, ese momento que cuesta explicar con palabras: cuando una persona vuelve a ver.<\/p>\n<p class=\"isSelectedEnd\">Durante nuestra expedici\u00f3n en Tanzania se realizaron <strong>222 cirug\u00edas de cataratas<\/strong>.<\/p>\n<p class=\"isSelectedEnd\">222 personas.<\/p>\n<p class=\"isSelectedEnd\">222 historias.<\/p>\n<p class=\"isSelectedEnd\">Y tambi\u00e9n 222 veces en las que pudimos comprobar que detr\u00e1s de una cirug\u00eda hay much\u00edsimo m\u00e1s que una intervenci\u00f3n m\u00e9dica. Hay familias, autonom\u00eda, trabajo, oportunidades y una vida que vuelve a abrirse.<\/p>\n<p class=\"isSelectedEnd\">Para nosotras ha sido un privilegio poder vivirlo juntas.<\/p>\n<p class=\"isSelectedEnd\">Volvemos con cansancio, s\u00ed. Con muchas im\u00e1genes y muchas historias en la cabeza. Pero, sobre todo, volvemos con la sensaci\u00f3n de haber formado parte de algo que tiene un significado enorme.<\/p>\n<p class=\"isSelectedEnd\">Porque cuando ves de cerca c\u00f3mo cambia la vida de alguien despu\u00e9s de recuperar la visi\u00f3n, entiendes que <strong>devolver la vista no es solo hacer que alguien vuelva a ver. Es ayudarle a recuperar una parte de su vida.<\/strong><\/p>\n<p>Y esa es una experiencia que, juntas, no vamos a olvidar.<\/p>\n<p><img fetchpriority=\"high\" decoding=\"async\" class=\"alignnone size-full wp-image-4359\" src=\"https:\/\/fundacionelenabarraquer.com\/wp-content\/uploads\/2026\/09\/WhatsApp-Image-2026-05-18-at-21.54.49-1.jpeg\" alt=\"\" width=\"2048\" height=\"1536\" srcset=\"https:\/\/fundacionelenabarraquer.com\/wp-content\/uploads\/2026\/09\/WhatsApp-Image-2026-05-18-at-21.54.49-1.jpeg 2048w, https:\/\/fundacionelenabarraquer.com\/wp-content\/uploads\/2026\/09\/WhatsApp-Image-2026-05-18-at-21.54.49-1-300x225.jpeg 300w, https:\/\/fundacionelenabarraquer.com\/wp-content\/uploads\/2026\/09\/WhatsApp-Image-2026-05-18-at-21.54.49-1-1024x768.jpeg 1024w, https:\/\/fundacionelenabarraquer.com\/wp-content\/uploads\/2026\/09\/WhatsApp-Image-2026-05-18-at-21.54.49-1-768x576.jpeg 768w, https:\/\/fundacionelenabarraquer.com\/wp-content\/uploads\/2026\/09\/WhatsApp-Image-2026-05-18-at-21.54.49-1-1536x1152.jpeg 1536w\" sizes=\"(max-width: 2048px) 100vw, 2048px\" \/> <img decoding=\"async\" class=\"alignnone size-full wp-image-4360\" src=\"https:\/\/fundacionelenabarraquer.com\/wp-content\/uploads\/2026\/09\/WhatsApp-Image-2026-05-18-at-21.55.50-1.jpeg\" alt=\"\" width=\"2048\" height=\"1536\" srcset=\"https:\/\/fundacionelenabarraquer.com\/wp-content\/uploads\/2026\/09\/WhatsApp-Image-2026-05-18-at-21.55.50-1.jpeg 2048w, https:\/\/fundacionelenabarraquer.com\/wp-content\/uploads\/2026\/09\/WhatsApp-Image-2026-05-18-at-21.55.50-1-300x225.jpeg 300w, https:\/\/fundacionelenabarraquer.com\/wp-content\/uploads\/2026\/09\/WhatsApp-Image-2026-05-18-at-21.55.50-1-1024x768.jpeg 1024w, https:\/\/fundacionelenabarraquer.com\/wp-content\/uploads\/2026\/09\/WhatsApp-Image-2026-05-18-at-21.55.50-1-768x576.jpeg 768w, https:\/\/fundacionelenabarraquer.com\/wp-content\/uploads\/2026\/09\/WhatsApp-Image-2026-05-18-at-21.55.50-1-1536x1152.jpeg 1536w\" sizes=\"(max-width: 2048px) 100vw, 2048px\" \/>expedico<\/p>\n","protected":false},"excerpt":{"rendered":"<p>Hay viajes que se recuerdan por los lugares que visitas. Otros, por las personas que conoces. Nuestro viaje a Tanzania ha sido de los segundos. Fuimos juntas, como amigas y como voluntarias de campo de la Fundaci\u00f3n Elena Barraquer, sin saber exactamente c\u00f3mo ser\u00eda la experiencia. Sab\u00edamos que \u00edbamos a trabajar, que habr\u00eda pacientes, que [&hellip;]<\/p>\n","protected":false},"author":2,"featured_media":4365,"comment_status":"closed","ping_status":"closed","sticky":false,"template":"","format":"standard","meta":{"_acf_changed":false,"give_campaign_id":0,"footnotes":""},"categories":[68],"tags":[449],"class_list":["post-4362","post","type-post","status-publish","format-standard","has-post-thumbnail","hentry","category-expeditions","tag-expedicion"],"acf":[],"yoast_head":"<!-- This site is optimized with the Yoast SEO plugin v28.3 - https:\/\/yoast.com\/product\/yoast-seo-wordpress\/ -->\n<title>Tanzania: una experiencia que no vamos a olvidar - Fundaci\u00f3n Elena Barraquer<\/title>\n<meta name=\"description\" content=\"Hay viajes que se recuerdan por los lugares que visitas. Otros, por las personas que conoces. Nuestro viaje a Tanzania ha sido de los segundos. Fuimos\" \/>\n<meta name=\"robots\" content=\"index, follow, max-snippet:-1, max-image-preview:large, max-video-preview:-1\" \/>\n<link rel=\"canonical\" href=\"https:\/\/fundacionelenabarraquer.com\/en\/tanzania-una-experiencia-que-no-vamos-a-olvidar\/\" \/>\n<meta property=\"og:locale\" content=\"en_US\" \/>\n<meta property=\"og:type\" content=\"article\" \/>\n<meta property=\"og:title\" content=\"Tanzania: una experiencia que no vamos a olvidar - Fundaci\u00f3n Elena Barraquer\" \/>\n<meta property=\"og:description\" content=\"Hay viajes que se recuerdan por los lugares que visitas. Otros, por las personas que conoces. Nuestro viaje a Tanzania ha sido de los segundos. Fuimos\" \/>\n<meta property=\"og:url\" content=\"https:\/\/fundacionelenabarraquer.com\/en\/tanzania-una-experiencia-que-no-vamos-a-olvidar\/\" \/>\n<meta property=\"og:site_name\" content=\"Fundaci\u00f3n Elena Barraquer\" \/>\n<meta property=\"article:publisher\" content=\"https:\/\/www.facebook.com\/fundacionelenabarraquer\/\" \/>\n<meta property=\"article:author\" content=\"https:\/\/www.facebook.com\/fundacionelenabarraquer\" \/>\n<meta property=\"article:published_time\" content=\"2026-09-02T11:58:53+00:00\" \/>\n<meta property=\"article:modified_time\" content=\"2026-09-02T12:00:36+00:00\" \/>\n<meta property=\"og:image\" content=\"https:\/\/fundacionelenabarraquer.com\/wp-content\/uploads\/2026\/09\/WhatsApp-Image-2026-05-21-at-09.32.11.jpeg\" \/>\n\t<meta property=\"og:image:width\" content=\"1600\" \/>\n\t<meta property=\"og:image:height\" content=\"1200\" \/>\n\t<meta property=\"og:image:type\" content=\"image\/jpeg\" \/>\n<meta name=\"author\" content=\"Fundaci\u00f3n Elena Barrquer\" \/>\n<meta name=\"twitter:card\" content=\"summary_large_image\" \/>\n<meta name=\"twitter:creator\" content=\"@FundEBarraquer\" \/>\n<meta name=\"twitter:site\" content=\"@FundEBarraquer\" \/>\n<script type=\"application\/ld+json\" class=\"yoast-schema-graph\">{\"@context\":\"https:\\\/\\\/schema.org\",\"@graph\":[{\"@type\":\"Article\",\"@id\":\"https:\\\/\\\/fundacionelenabarraquer.com\\\/en\\\/tanzania-una-experiencia-que-no-vamos-a-olvidar\\\/#article\",\"isPartOf\":{\"@id\":\"https:\\\/\\\/fundacionelenabarraquer.com\\\/en\\\/tanzania-una-experiencia-que-no-vamos-a-olvidar\\\/\"},\"author\":{\"name\":\"Fundaci\u00f3n Elena Barrquer\",\"@id\":\"https:\\\/\\\/fundacionelenabarraquer.com\\\/en\\\/#\\\/schema\\\/person\\\/59f356cef69bc8a50f14b5f6eaebad9b\"},\"headline\":\"Tanzania: una experiencia que no vamos a olvidar\",\"datePublished\":\"2026-09-02T11:58:53+00:00\",\"dateModified\":\"2026-09-02T12:00:36+00:00\",\"mainEntityOfPage\":{\"@id\":\"https:\\\/\\\/fundacionelenabarraquer.com\\\/en\\\/tanzania-una-experiencia-que-no-vamos-a-olvidar\\\/\"},\"wordCount\":328,\"publisher\":{\"@id\":\"https:\\\/\\\/fundacionelenabarraquer.com\\\/en\\\/#organization\"},\"image\":{\"@id\":\"https:\\\/\\\/fundacionelenabarraquer.com\\\/en\\\/tanzania-una-experiencia-que-no-vamos-a-olvidar\\\/#primaryimage\"},\"thumbnailUrl\":\"https:\\\/\\\/fundacionelenabarraquer.com\\\/wp-content\\\/uploads\\\/2026\\\/09\\\/WhatsApp-Image-2026-05-21-at-09.32.11.jpeg\",\"keywords\":[\"expedici\u00f3n\"],\"articleSection\":[\"Expeditions\"],\"inLanguage\":\"en-US\"},{\"@type\":\"WebPage\",\"@id\":\"https:\\\/\\\/fundacionelenabarraquer.com\\\/en\\\/tanzania-una-experiencia-que-no-vamos-a-olvidar\\\/\",\"url\":\"https:\\\/\\\/fundacionelenabarraquer.com\\\/en\\\/tanzania-una-experiencia-que-no-vamos-a-olvidar\\\/\",\"name\":\"Tanzania: una experiencia que no vamos a olvidar - Fundaci\u00f3n Elena Barraquer\",\"isPartOf\":{\"@id\":\"https:\\\/\\\/fundacionelenabarraquer.com\\\/en\\\/#website\"},\"primaryImageOfPage\":{\"@id\":\"https:\\\/\\\/fundacionelenabarraquer.com\\\/en\\\/tanzania-una-experiencia-que-no-vamos-a-olvidar\\\/#primaryimage\"},\"image\":{\"@id\":\"https:\\\/\\\/fundacionelenabarraquer.com\\\/en\\\/tanzania-una-experiencia-que-no-vamos-a-olvidar\\\/#primaryimage\"},\"thumbnailUrl\":\"https:\\\/\\\/fundacionelenabarraquer.com\\\/wp-content\\\/uploads\\\/2026\\\/09\\\/WhatsApp-Image-2026-05-21-at-09.32.11.jpeg\",\"datePublished\":\"2026-09-02T11:58:53+00:00\",\"dateModified\":\"2026-09-02T12:00:36+00:00\",\"description\":\"Hay viajes que se recuerdan por los lugares que visitas. Otros, por las personas que conoces. Nuestro viaje a Tanzania ha sido de los segundos. Fuimos\",\"breadcrumb\":{\"@id\":\"https:\\\/\\\/fundacionelenabarraquer.com\\\/en\\\/tanzania-una-experiencia-que-no-vamos-a-olvidar\\\/#breadcrumb\"},\"inLanguage\":\"en-US\",\"potentialAction\":[{\"@type\":\"ReadAction\",\"target\":[\"https:\\\/\\\/fundacionelenabarraquer.com\\\/en\\\/tanzania-una-experiencia-que-no-vamos-a-olvidar\\\/\"]}]},{\"@type\":\"ImageObject\",\"inLanguage\":\"en-US\",\"@id\":\"https:\\\/\\\/fundacionelenabarraquer.com\\\/en\\\/tanzania-una-experiencia-que-no-vamos-a-olvidar\\\/#primaryimage\",\"url\":\"https:\\\/\\\/fundacionelenabarraquer.com\\\/wp-content\\\/uploads\\\/2026\\\/09\\\/WhatsApp-Image-2026-05-21-at-09.32.11.jpeg\",\"contentUrl\":\"https:\\\/\\\/fundacionelenabarraquer.com\\\/wp-content\\\/uploads\\\/2026\\\/09\\\/WhatsApp-Image-2026-05-21-at-09.32.11.jpeg\",\"width\":1600,\"height\":1200},{\"@type\":\"BreadcrumbList\",\"@id\":\"https:\\\/\\\/fundacionelenabarraquer.com\\\/en\\\/tanzania-una-experiencia-que-no-vamos-a-olvidar\\\/#breadcrumb\",\"itemListElement\":[{\"@type\":\"ListItem\",\"position\":1,\"name\":\"Inicio\",\"item\":\"https:\\\/\\\/fundacionelenabarraquer.com\\\/en\\\/\"},{\"@type\":\"ListItem\",\"position\":2,\"name\":\"Tanzania: una experiencia que no vamos a olvidar\"}]},{\"@type\":\"WebSite\",\"@id\":\"https:\\\/\\\/fundacionelenabarraquer.com\\\/en\\\/#website\",\"url\":\"https:\\\/\\\/fundacionelenabarraquer.com\\\/en\\\/\",\"name\":\"Fundaci\u00f3n Elena Barraquer\",\"description\":\"Somos una organizaci\u00f3n sin \u00e1nimo de lucro que lucha contra la ceguera causada por cataratas en pa\u00edses en desarrollo.\",\"publisher\":{\"@id\":\"https:\\\/\\\/fundacionelenabarraquer.com\\\/en\\\/#organization\"},\"potentialAction\":[{\"@type\":\"SearchAction\",\"target\":{\"@type\":\"EntryPoint\",\"urlTemplate\":\"https:\\\/\\\/fundacionelenabarraquer.com\\\/en\\\/?s={search_term_string}\"},\"query-input\":{\"@type\":\"PropertyValueSpecification\",\"valueRequired\":true,\"valueName\":\"search_term_string\"}}],\"inLanguage\":\"en-US\"},{\"@type\":\"Organization\",\"@id\":\"https:\\\/\\\/fundacionelenabarraquer.com\\\/en\\\/#organization\",\"name\":\"Fundaci\u00f3n Elena Barraquer\",\"url\":\"https:\\\/\\\/fundacionelenabarraquer.com\\\/en\\\/\",\"logo\":{\"@type\":\"ImageObject\",\"inLanguage\":\"en-US\",\"@id\":\"https:\\\/\\\/fundacionelenabarraquer.com\\\/en\\\/#\\\/schema\\\/logo\\\/image\\\/\",\"url\":\"https:\\\/\\\/fundacionelenabarraquer.com\\\/wp-content\\\/uploads\\\/2021\\\/04\\\/logo.svg\",\"contentUrl\":\"https:\\\/\\\/fundacionelenabarraquer.com\\\/wp-content\\\/uploads\\\/2021\\\/04\\\/logo.svg\",\"width\":210,\"height\":72,\"caption\":\"Fundaci\u00f3n Elena Barraquer\"},\"image\":{\"@id\":\"https:\\\/\\\/fundacionelenabarraquer.com\\\/en\\\/#\\\/schema\\\/logo\\\/image\\\/\"},\"sameAs\":[\"https:\\\/\\\/www.facebook.com\\\/fundacionelenabarraquer\\\/\",\"https:\\\/\\\/x.com\\\/FundEBarraquer\",\"https:\\\/\\\/www.instagram.com\\\/fundacionelenabarraquer\\\/\",\"https:\\\/\\\/es.linkedin.com\\\/organization-guest\\\/company\\\/fundacion-elena-barraquer\",\"https:\\\/\\\/www.youtube.com\\\/channel\\\/UCVaDvpu_NDor_Mk-e7UDYPQ\"]},{\"@type\":\"Person\",\"@id\":\"https:\\\/\\\/fundacionelenabarraquer.com\\\/en\\\/#\\\/schema\\\/person\\\/59f356cef69bc8a50f14b5f6eaebad9b\",\"name\":\"Fundaci\u00f3n Elena Barrquer\",\"sameAs\":[\"http:\\\/\\\/www.fundacionelenabarraquer.com\",\"https:\\\/\\\/www.facebook.com\\\/fundacionelenabarraquer\",\"https:\\\/\\\/www.instagram.com\\\/fundacionelenabarraquer\\\/\",\"https:\\\/\\\/www.linkedin.com\\\/company\\\/fundacion-elena-barraquer\"]}]}<\/script>\n<!-- \/ Yoast SEO plugin. -->","yoast_head_json":{"title":"Tanzania: una experiencia que no vamos a olvidar - Fundaci\u00f3n Elena Barraquer","description":"Hay viajes que se recuerdan por los lugares que visitas. Otros, por las personas que conoces. Nuestro viaje a Tanzania ha sido de los segundos. Fuimos","robots":{"index":"index","follow":"follow","max-snippet":"max-snippet:-1","max-image-preview":"max-image-preview:large","max-video-preview":"max-video-preview:-1"},"canonical":"https:\/\/fundacionelenabarraquer.com\/en\/tanzania-una-experiencia-que-no-vamos-a-olvidar\/","og_locale":"en_US","og_type":"article","og_title":"Tanzania: una experiencia que no vamos a olvidar - Fundaci\u00f3n Elena Barraquer","og_description":"Hay viajes que se recuerdan por los lugares que visitas. Otros, por las personas que conoces. Nuestro viaje a Tanzania ha sido de los segundos. Fuimos","og_url":"https:\/\/fundacionelenabarraquer.com\/en\/tanzania-una-experiencia-que-no-vamos-a-olvidar\/","og_site_name":"Fundaci\u00f3n Elena Barraquer","article_publisher":"https:\/\/www.facebook.com\/fundacionelenabarraquer\/","article_author":"https:\/\/www.facebook.com\/fundacionelenabarraquer","article_published_time":"2026-09-02T11:58:53+00:00","article_modified_time":"2026-09-02T12:00:36+00:00","og_image":[{"width":1600,"height":1200,"url":"https:\/\/fundacionelenabarraquer.com\/wp-content\/uploads\/2026\/09\/WhatsApp-Image-2026-05-21-at-09.32.11.jpeg","type":"image\/jpeg"}],"author":"Fundaci\u00f3n Elena Barrquer","twitter_card":"summary_large_image","twitter_creator":"@FundEBarraquer","twitter_site":"@FundEBarraquer","schema":{"@context":"https:\/\/schema.org","@graph":[{"@type":"Article","@id":"https:\/\/fundacionelenabarraquer.com\/en\/tanzania-una-experiencia-que-no-vamos-a-olvidar\/#article","isPartOf":{"@id":"https:\/\/fundacionelenabarraquer.com\/en\/tanzania-una-experiencia-que-no-vamos-a-olvidar\/"},"author":{"name":"Fundaci\u00f3n Elena Barrquer","@id":"https:\/\/fundacionelenabarraquer.com\/en\/#\/schema\/person\/59f356cef69bc8a50f14b5f6eaebad9b"},"headline":"Tanzania: una experiencia que no vamos a olvidar","datePublished":"2026-09-02T11:58:53+00:00","dateModified":"2026-09-02T12:00:36+00:00","mainEntityOfPage":{"@id":"https:\/\/fundacionelenabarraquer.com\/en\/tanzania-una-experiencia-que-no-vamos-a-olvidar\/"},"wordCount":328,"publisher":{"@id":"https:\/\/fundacionelenabarraquer.com\/en\/#organization"},"image":{"@id":"https:\/\/fundacionelenabarraquer.com\/en\/tanzania-una-experiencia-que-no-vamos-a-olvidar\/#primaryimage"},"thumbnailUrl":"https:\/\/fundacionelenabarraquer.com\/wp-content\/uploads\/2026\/09\/WhatsApp-Image-2026-05-21-at-09.32.11.jpeg","keywords":["expedici\u00f3n"],"articleSection":["Expeditions"],"inLanguage":"en-US"},{"@type":"WebPage","@id":"https:\/\/fundacionelenabarraquer.com\/en\/tanzania-una-experiencia-que-no-vamos-a-olvidar\/","url":"https:\/\/fundacionelenabarraquer.com\/en\/tanzania-una-experiencia-que-no-vamos-a-olvidar\/","name":"Tanzania: una experiencia que no vamos a olvidar - Fundaci\u00f3n Elena Barraquer","isPartOf":{"@id":"https:\/\/fundacionelenabarraquer.com\/en\/#website"},"primaryImageOfPage":{"@id":"https:\/\/fundacionelenabarraquer.com\/en\/tanzania-una-experiencia-que-no-vamos-a-olvidar\/#primaryimage"},"image":{"@id":"https:\/\/fundacionelenabarraquer.com\/en\/tanzania-una-experiencia-que-no-vamos-a-olvidar\/#primaryimage"},"thumbnailUrl":"https:\/\/fundacionelenabarraquer.com\/wp-content\/uploads\/2026\/09\/WhatsApp-Image-2026-05-21-at-09.32.11.jpeg","datePublished":"2026-09-02T11:58:53+00:00","dateModified":"2026-09-02T12:00:36+00:00","description":"Hay viajes que se recuerdan por los lugares que visitas. Otros, por las personas que conoces. Nuestro viaje a Tanzania ha sido de los segundos. Fuimos","breadcrumb":{"@id":"https:\/\/fundacionelenabarraquer.com\/en\/tanzania-una-experiencia-que-no-vamos-a-olvidar\/#breadcrumb"},"inLanguage":"en-US","potentialAction":[{"@type":"ReadAction","target":["https:\/\/fundacionelenabarraquer.com\/en\/tanzania-una-experiencia-que-no-vamos-a-olvidar\/"]}]},{"@type":"ImageObject","inLanguage":"en-US","@id":"https:\/\/fundacionelenabarraquer.com\/en\/tanzania-una-experiencia-que-no-vamos-a-olvidar\/#primaryimage","url":"https:\/\/fundacionelenabarraquer.com\/wp-content\/uploads\/2026\/09\/WhatsApp-Image-2026-05-21-at-09.32.11.jpeg","contentUrl":"https:\/\/fundacionelenabarraquer.com\/wp-content\/uploads\/2026\/09\/WhatsApp-Image-2026-05-21-at-09.32.11.jpeg","width":1600,"height":1200},{"@type":"BreadcrumbList","@id":"https:\/\/fundacionelenabarraquer.com\/en\/tanzania-una-experiencia-que-no-vamos-a-olvidar\/#breadcrumb","itemListElement":[{"@type":"ListItem","position":1,"name":"Inicio","item":"https:\/\/fundacionelenabarraquer.com\/en\/"},{"@type":"ListItem","position":2,"name":"Tanzania: una experiencia que no vamos a olvidar"}]},{"@type":"WebSite","@id":"https:\/\/fundacionelenabarraquer.com\/en\/#website","url":"https:\/\/fundacionelenabarraquer.com\/en\/","name":"Fundaci\u00f3n Elena Barraquer","description":"Somos una organizaci\u00f3n sin \u00e1nimo de lucro que lucha contra la ceguera causada por cataratas en pa\u00edses en desarrollo.","publisher":{"@id":"https:\/\/fundacionelenabarraquer.com\/en\/#organization"},"potentialAction":[{"@type":"SearchAction","target":{"@type":"EntryPoint","urlTemplate":"https:\/\/fundacionelenabarraquer.com\/en\/?s={search_term_string}"},"query-input":{"@type":"PropertyValueSpecification","valueRequired":true,"valueName":"search_term_string"}}],"inLanguage":"en-US"},{"@type":"Organization","@id":"https:\/\/fundacionelenabarraquer.com\/en\/#organization","name":"Fundaci\u00f3n Elena Barraquer","url":"https:\/\/fundacionelenabarraquer.com\/en\/","logo":{"@type":"ImageObject","inLanguage":"en-US","@id":"https:\/\/fundacionelenabarraquer.com\/en\/#\/schema\/logo\/image\/","url":"https:\/\/fundacionelenabarraquer.com\/wp-content\/uploads\/2021\/04\/logo.svg","contentUrl":"https:\/\/fundacionelenabarraquer.com\/wp-content\/uploads\/2021\/04\/logo.svg","width":210,"height":72,"caption":"Fundaci\u00f3n Elena Barraquer"},"image":{"@id":"https:\/\/fundacionelenabarraquer.com\/en\/#\/schema\/logo\/image\/"},"sameAs":["https:\/\/www.facebook.com\/fundacionelenabarraquer\/","https:\/\/x.com\/FundEBarraquer","https:\/\/www.instagram.com\/fundacionelenabarraquer\/","https:\/\/es.linkedin.com\/organization-guest\/company\/fundacion-elena-barraquer","https:\/\/www.youtube.com\/channel\/UCVaDvpu_NDor_Mk-e7UDYPQ"]},{"@type":"Person","@id":"https:\/\/fundacionelenabarraquer.com\/en\/#\/schema\/person\/59f356cef69bc8a50f14b5f6eaebad9b","name":"Fundaci\u00f3n Elena Barrquer","sameAs":["http:\/\/www.fundacionelenabarraquer.com","https:\/\/www.facebook.com\/fundacionelenabarraquer","https:\/\/www.instagram.com\/fundacionelenabarraquer\/","https:\/\/www.linkedin.com\/company\/fundacion-elena-barraquer"]}]}},"_links":{"self":[{"href":"https:\/\/fundacionelenabarraquer.com\/en\/wp-json\/wp\/v2\/posts\/4362","targetHints":{"allow":["GET"]}}],"collection":[{"href":"https:\/\/fundacionelenabarraquer.com\/en\/wp-json\/wp\/v2\/posts"}],"about":[{"href":"https:\/\/fundacionelenabarraquer.com\/en\/wp-json\/wp\/v2\/types\/post"}],"author":[{"embeddable":true,"href":"https:\/\/fundacionelenabarraquer.com\/en\/wp-json\/wp\/v2\/users\/2"}],"replies":[{"embeddable":true,"href":"https:\/\/fundacionelenabarraquer.com\/en\/wp-json\/wp\/v2\/comments?post=4362"}],"version-history":[{"count":0,"href":"https:\/\/fundacionelenabarraquer.com\/en\/wp-json\/wp\/v2\/posts\/4362\/revisions"}],"wp:featuredmedia":[{"embeddable":true,"href":"https:\/\/fundacionelenabarraquer.com\/en\/wp-json\/wp\/v2\/media\/4365"}],"wp:attachment":[{"href":"https:\/\/fundacionelenabarraquer.com\/en\/wp-json\/wp\/v2\/media?parent=4362"}],"wp:term":[{"taxonomy":"category","embeddable":true,"href":"https:\/\/fundacionelenabarraquer.com\/en\/wp-json\/wp\/v2\/categories?post=4362"},{"taxonomy":"post_tag","embeddable":true,"href":"https:\/\/fundacionelenabarraquer.com\/en\/wp-json\/wp\/v2\/tags?post=4362"}],"curies":[{"name":"wp","href":"https:\/\/api.w.org\/{rel}","templated":true}]}}