{"id":4343,"date":"2026-09-02T13:29:54","date_gmt":"2026-09-02T11:29:54","guid":{"rendered":"https:\/\/fundacionelenabarraquer.com\/un-torneo-que-nos-ayuda-a-devolver-la-vista-a-mas-de-500-personas\/"},"modified":"2026-09-02T13:33:52","modified_gmt":"2026-09-02T11:33:52","slug":"un-torneo-que-nos-ayuda-a-devolver-la-vista-a-mas-de-500-personas","status":"publish","type":"post","link":"https:\/\/fundacionelenabarraquer.com\/en\/un-torneo-que-nos-ayuda-a-devolver-la-vista-a-mas-de-500-personas\/","title":{"rendered":"A tournament that helps us restore sight to more than 500 people"},"content":{"rendered":"<p>The 6th \u2018No M\u00e1s Cataratas\u2019 Charity Golf Tournament has been a very special event. We have held the tournament with the highest number of participants in our history, and we would like to thank all the individuals, companies and organisations that have made this possible.<\/p>\n<p>Sponsors, partners, players and friends of the Elena Barraquer Foundation have come together, once again, to achieve something that goes far beyond a day\u2019s golf: thanks to the funds raised, we will be able to restore sight to more than 500 people through cataract operations as part of our international cooperation projects.<\/p>\n<p>Every shot, every entry, every sponsorship and every gesture of support becomes an opportunity for someone who is currently living with blindness that, in many cases, could be prevented by a procedure lasting just a few minutes.<\/p>\n<p>And that is what makes this tournament so special. Because behind every figure there is a person who will be able to see their children again, work, walk unaided or regain something as simple \u2014 and as extraordinary \u2014 as seeing the world clearly.<\/p>\n<p>When people and businesses come together for a good cause, the impact can be extraordinary.<\/p>\n<p>And as we know that many of you will already be looking forward to the next one&#8230;<\/p>\n<p>\ud83d\udcc5 Mark the date in your diaries!<\/p>\n<p>2 July 2027 \u2014 7th \u2018No M\u00e1s Cataratas\u2019 Charity Golf Tournament<\/p>\n<p>We look forward to seeing you back on the course. And, above all, we hope to continue working together to turn a day\u2019s golf into thousands of stories of people regaining their sight.<\/p>\n<p>If you\u2019d like to view the photo album from this year\u2019s event, click <a style=\"font-family: -apple-system, BlinkMacSystemFont, 'Segoe UI', Roboto, 'Helvetica Neue', Arial, 'Noto Sans', sans-serif, 'Apple Color Emoji', 'Segoe UI Emoji', 'Segoe UI Symbol', 'Noto Color Emoji';\" href=\"https:\/\/drive.google.com\/drive\/folders\/17ZOkLiih7WG7iLInk10Gdysh65RIEHTo?usp=sharing\">here.<\/a><\/p>\n<p>&nbsp;<\/p>\n<p><img fetchpriority=\"high\" decoding=\"async\" class=\"alignnone size-full wp-image-4337\" src=\"https:\/\/fundacionelenabarraquer.com\/wp-content\/uploads\/2026\/09\/18D6638.jpg\" alt=\"\" width=\"1200\" height=\"675\" srcset=\"https:\/\/fundacionelenabarraquer.com\/wp-content\/uploads\/2026\/09\/18D6638.jpg 1200w, https:\/\/fundacionelenabarraquer.com\/wp-content\/uploads\/2026\/09\/18D6638-300x169.jpg 300w, https:\/\/fundacionelenabarraquer.com\/wp-content\/uploads\/2026\/09\/18D6638-1024x576.jpg 1024w, https:\/\/fundacionelenabarraquer.com\/wp-content\/uploads\/2026\/09\/18D6638-768x432.jpg 768w\" sizes=\"(max-width: 1200px) 100vw, 1200px\" \/> <img decoding=\"async\" class=\"alignnone size-full wp-image-4338\" src=\"https:\/\/fundacionelenabarraquer.com\/wp-content\/uploads\/2026\/09\/18D6857.jpg\" alt=\"\" width=\"1200\" height=\"675\" srcset=\"https:\/\/fundacionelenabarraquer.com\/wp-content\/uploads\/2026\/09\/18D6857.jpg 1200w, https:\/\/fundacionelenabarraquer.com\/wp-content\/uploads\/2026\/09\/18D6857-300x169.jpg 300w, https:\/\/fundacionelenabarraquer.com\/wp-content\/uploads\/2026\/09\/18D6857-1024x576.jpg 1024w, https:\/\/fundacionelenabarraquer.com\/wp-content\/uploads\/2026\/09\/18D6857-768x432.jpg 768w\" sizes=\"(max-width: 1200px) 100vw, 1200px\" \/> <img decoding=\"async\" class=\"alignnone size-full wp-image-4339\" src=\"https:\/\/fundacionelenabarraquer.com\/wp-content\/uploads\/2026\/09\/18D6883.jpg\" alt=\"\" width=\"1200\" height=\"675\" srcset=\"https:\/\/fundacionelenabarraquer.com\/wp-content\/uploads\/2026\/09\/18D6883.jpg 1200w, https:\/\/fundacionelenabarraquer.com\/wp-content\/uploads\/2026\/09\/18D6883-300x169.jpg 300w, https:\/\/fundacionelenabarraquer.com\/wp-content\/uploads\/2026\/09\/18D6883-1024x576.jpg 1024w, https:\/\/fundacionelenabarraquer.com\/wp-content\/uploads\/2026\/09\/18D6883-768x432.jpg 768w\" sizes=\"(max-width: 1200px) 100vw, 1200px\" \/> <img loading=\"lazy\" decoding=\"async\" class=\"alignnone size-full wp-image-4340\" src=\"https:\/\/fundacionelenabarraquer.com\/wp-content\/uploads\/2026\/09\/18D6941.jpg\" alt=\"\" width=\"1200\" height=\"675\" srcset=\"https:\/\/fundacionelenabarraquer.com\/wp-content\/uploads\/2026\/09\/18D6941.jpg 1200w, https:\/\/fundacionelenabarraquer.com\/wp-content\/uploads\/2026\/09\/18D6941-300x169.jpg 300w, https:\/\/fundacionelenabarraquer.com\/wp-content\/uploads\/2026\/09\/18D6941-1024x576.jpg 1024w, https:\/\/fundacionelenabarraquer.com\/wp-content\/uploads\/2026\/09\/18D6941-768x432.jpg 768w\" sizes=\"(max-width: 1200px) 100vw, 1200px\" \/> <img loading=\"lazy\" decoding=\"async\" class=\"alignnone size-full wp-image-4341\" src=\"https:\/\/fundacionelenabarraquer.com\/wp-content\/uploads\/2026\/09\/18D7941-scaled.jpg\" alt=\"\" width=\"2560\" height=\"1440\" srcset=\"https:\/\/fundacionelenabarraquer.com\/wp-content\/uploads\/2026\/09\/18D7941-scaled.jpg 2560w, https:\/\/fundacionelenabarraquer.com\/wp-content\/uploads\/2026\/09\/18D7941-300x169.jpg 300w, https:\/\/fundacionelenabarraquer.com\/wp-content\/uploads\/2026\/09\/18D7941-1024x576.jpg 1024w, https:\/\/fundacionelenabarraquer.com\/wp-content\/uploads\/2026\/09\/18D7941-768x432.jpg 768w, https:\/\/fundacionelenabarraquer.com\/wp-content\/uploads\/2026\/09\/18D7941-1536x864.jpg 1536w, https:\/\/fundacionelenabarraquer.com\/wp-content\/uploads\/2026\/09\/18D7941-2048x1152.jpg 2048w\" sizes=\"(max-width: 2560px) 100vw, 2560px\" \/> <img loading=\"lazy\" decoding=\"async\" class=\"alignnone size-full wp-image-4342\" src=\"https:\/\/fundacionelenabarraquer.com\/wp-content\/uploads\/2026\/09\/18D7982-scaled.jpg\" alt=\"\" width=\"2560\" height=\"1440\" srcset=\"https:\/\/fundacionelenabarraquer.com\/wp-content\/uploads\/2026\/09\/18D7982-scaled.jpg 2560w, https:\/\/fundacionelenabarraquer.com\/wp-content\/uploads\/2026\/09\/18D7982-300x169.jpg 300w, https:\/\/fundacionelenabarraquer.com\/wp-content\/uploads\/2026\/09\/18D7982-1024x576.jpg 1024w, https:\/\/fundacionelenabarraquer.com\/wp-content\/uploads\/2026\/09\/18D7982-768x432.jpg 768w, https:\/\/fundacionelenabarraquer.com\/wp-content\/uploads\/2026\/09\/18D7982-1536x864.jpg 1536w, https:\/\/fundacionelenabarraquer.com\/wp-content\/uploads\/2026\/09\/18D7982-2048x1152.jpg 2048w\" sizes=\"(max-width: 2560px) 100vw, 2560px\" \/><\/p>\n","protected":false},"excerpt":{"rendered":"<p>The 6th \u2018No M\u00e1s Cataratas\u2019 Charity Golf Tournament has been a very special event. We have held the tournament with the highest number of participants in our history, and we would like to thank all the individuals, companies and organisations that have made this possible. Sponsors, partners, players and friends of the Elena Barraquer Foundation [&hellip;]<\/p>\n","protected":false},"author":2,"featured_media":4346,"comment_status":"closed","ping_status":"closed","sticky":false,"template":"","format":"standard","meta":{"_acf_changed":false,"give_campaign_id":0,"footnotes":""},"categories":[70,7],"tags":[364],"class_list":["post-4343","post","type-post","status-publish","format-standard","has-post-thumbnail","hentry","category-events","category-news","tag-eventos"],"acf":[],"yoast_head":"<!-- This site is optimized with the Yoast SEO plugin v28.3 - https:\/\/yoast.com\/product\/yoast-seo-wordpress\/ -->\n<title>A tournament that helps us restore sight to more than 500 people - Fundaci\u00f3n Elena Barraquer<\/title>\n<meta name=\"description\" content=\"The 6th \u2018No M\u00e1s Cataratas\u2019 Charity Golf Tournament has been a very special event. We have held the tournament with the highest number of participants in\" \/>\n<meta name=\"robots\" content=\"index, follow, max-snippet:-1, max-image-preview:large, max-video-preview:-1\" \/>\n<link rel=\"canonical\" href=\"https:\/\/fundacionelenabarraquer.com\/en\/un-torneo-que-nos-ayuda-a-devolver-la-vista-a-mas-de-500-personas\/\" \/>\n<meta property=\"og:locale\" content=\"en_US\" \/>\n<meta property=\"og:type\" content=\"article\" \/>\n<meta property=\"og:title\" content=\"A tournament that helps us restore sight to more than 500 people - Fundaci\u00f3n Elena Barraquer\" \/>\n<meta property=\"og:description\" content=\"The 6th \u2018No M\u00e1s Cataratas\u2019 Charity Golf Tournament has been a very special event. We have held the tournament with the highest number of participants in\" \/>\n<meta property=\"og:url\" content=\"https:\/\/fundacionelenabarraquer.com\/en\/un-torneo-que-nos-ayuda-a-devolver-la-vista-a-mas-de-500-personas\/\" \/>\n<meta property=\"og:site_name\" content=\"Fundaci\u00f3n Elena Barraquer\" \/>\n<meta property=\"article:publisher\" content=\"https:\/\/www.facebook.com\/fundacionelenabarraquer\/\" \/>\n<meta property=\"article:author\" content=\"https:\/\/www.facebook.com\/fundacionelenabarraquer\" \/>\n<meta property=\"article:published_time\" content=\"2026-09-02T11:29:54+00:00\" \/>\n<meta property=\"article:modified_time\" content=\"2026-09-02T11:33:52+00:00\" \/>\n<meta property=\"og:image\" content=\"https:\/\/fundacionelenabarraquer.com\/wp-content\/uploads\/2026\/09\/18D6883.jpg\" \/>\n\t<meta property=\"og:image:width\" content=\"1200\" \/>\n\t<meta property=\"og:image:height\" content=\"675\" \/>\n\t<meta property=\"og:image:type\" content=\"image\/jpeg\" \/>\n<meta name=\"author\" content=\"Fundaci\u00f3n Elena Barrquer\" \/>\n<meta name=\"twitter:card\" content=\"summary_large_image\" \/>\n<meta name=\"twitter:creator\" content=\"@FundEBarraquer\" \/>\n<meta name=\"twitter:site\" content=\"@FundEBarraquer\" \/>\n<script type=\"application\/ld+json\" class=\"yoast-schema-graph\">{\"@context\":\"https:\\\/\\\/schema.org\",\"@graph\":[{\"@type\":\"Article\",\"@id\":\"https:\\\/\\\/fundacionelenabarraquer.com\\\/en\\\/un-torneo-que-nos-ayuda-a-devolver-la-vista-a-mas-de-500-personas\\\/#article\",\"isPartOf\":{\"@id\":\"https:\\\/\\\/fundacionelenabarraquer.com\\\/en\\\/un-torneo-que-nos-ayuda-a-devolver-la-vista-a-mas-de-500-personas\\\/\"},\"author\":{\"name\":\"Fundaci\u00f3n Elena Barrquer\",\"@id\":\"https:\\\/\\\/fundacionelenabarraquer.com\\\/en\\\/#\\\/schema\\\/person\\\/59f356cef69bc8a50f14b5f6eaebad9b\"},\"headline\":\"A tournament that helps us restore sight to more than 500 people\",\"datePublished\":\"2026-09-02T11:29:54+00:00\",\"dateModified\":\"2026-09-02T11:33:52+00:00\",\"mainEntityOfPage\":{\"@id\":\"https:\\\/\\\/fundacionelenabarraquer.com\\\/en\\\/un-torneo-que-nos-ayuda-a-devolver-la-vista-a-mas-de-500-personas\\\/\"},\"wordCount\":286,\"publisher\":{\"@id\":\"https:\\\/\\\/fundacionelenabarraquer.com\\\/en\\\/#organization\"},\"image\":{\"@id\":\"https:\\\/\\\/fundacionelenabarraquer.com\\\/en\\\/un-torneo-que-nos-ayuda-a-devolver-la-vista-a-mas-de-500-personas\\\/#primaryimage\"},\"thumbnailUrl\":\"https:\\\/\\\/fundacionelenabarraquer.com\\\/wp-content\\\/uploads\\\/2026\\\/09\\\/18D6883.jpg\",\"keywords\":[\"eventos\"],\"articleSection\":[\"Events\",\"News\"],\"inLanguage\":\"en-US\"},{\"@type\":\"WebPage\",\"@id\":\"https:\\\/\\\/fundacionelenabarraquer.com\\\/en\\\/un-torneo-que-nos-ayuda-a-devolver-la-vista-a-mas-de-500-personas\\\/\",\"url\":\"https:\\\/\\\/fundacionelenabarraquer.com\\\/en\\\/un-torneo-que-nos-ayuda-a-devolver-la-vista-a-mas-de-500-personas\\\/\",\"name\":\"A tournament that helps us restore sight to more than 500 people - Fundaci\u00f3n Elena Barraquer\",\"isPartOf\":{\"@id\":\"https:\\\/\\\/fundacionelenabarraquer.com\\\/en\\\/#website\"},\"primaryImageOfPage\":{\"@id\":\"https:\\\/\\\/fundacionelenabarraquer.com\\\/en\\\/un-torneo-que-nos-ayuda-a-devolver-la-vista-a-mas-de-500-personas\\\/#primaryimage\"},\"image\":{\"@id\":\"https:\\\/\\\/fundacionelenabarraquer.com\\\/en\\\/un-torneo-que-nos-ayuda-a-devolver-la-vista-a-mas-de-500-personas\\\/#primaryimage\"},\"thumbnailUrl\":\"https:\\\/\\\/fundacionelenabarraquer.com\\\/wp-content\\\/uploads\\\/2026\\\/09\\\/18D6883.jpg\",\"datePublished\":\"2026-09-02T11:29:54+00:00\",\"dateModified\":\"2026-09-02T11:33:52+00:00\",\"description\":\"The 6th \u2018No M\u00e1s Cataratas\u2019 Charity Golf Tournament has been a very special event. We have held the tournament with the highest number of participants in\",\"breadcrumb\":{\"@id\":\"https:\\\/\\\/fundacionelenabarraquer.com\\\/en\\\/un-torneo-que-nos-ayuda-a-devolver-la-vista-a-mas-de-500-personas\\\/#breadcrumb\"},\"inLanguage\":\"en-US\",\"potentialAction\":[{\"@type\":\"ReadAction\",\"target\":[\"https:\\\/\\\/fundacionelenabarraquer.com\\\/en\\\/un-torneo-que-nos-ayuda-a-devolver-la-vista-a-mas-de-500-personas\\\/\"]}]},{\"@type\":\"ImageObject\",\"inLanguage\":\"en-US\",\"@id\":\"https:\\\/\\\/fundacionelenabarraquer.com\\\/en\\\/un-torneo-que-nos-ayuda-a-devolver-la-vista-a-mas-de-500-personas\\\/#primaryimage\",\"url\":\"https:\\\/\\\/fundacionelenabarraquer.com\\\/wp-content\\\/uploads\\\/2026\\\/09\\\/18D6883.jpg\",\"contentUrl\":\"https:\\\/\\\/fundacionelenabarraquer.com\\\/wp-content\\\/uploads\\\/2026\\\/09\\\/18D6883.jpg\",\"width\":1200,\"height\":675},{\"@type\":\"BreadcrumbList\",\"@id\":\"https:\\\/\\\/fundacionelenabarraquer.com\\\/en\\\/un-torneo-que-nos-ayuda-a-devolver-la-vista-a-mas-de-500-personas\\\/#breadcrumb\",\"itemListElement\":[{\"@type\":\"ListItem\",\"position\":1,\"name\":\"Inicio\",\"item\":\"https:\\\/\\\/fundacionelenabarraquer.com\\\/en\\\/\"},{\"@type\":\"ListItem\",\"position\":2,\"name\":\"A tournament that helps us restore sight to more than 500 people\"}]},{\"@type\":\"WebSite\",\"@id\":\"https:\\\/\\\/fundacionelenabarraquer.com\\\/en\\\/#website\",\"url\":\"https:\\\/\\\/fundacionelenabarraquer.com\\\/en\\\/\",\"name\":\"Fundaci\u00f3n Elena Barraquer\",\"description\":\"Somos una organizaci\u00f3n sin \u00e1nimo de lucro que lucha contra la ceguera causada por cataratas en pa\u00edses en desarrollo.\",\"publisher\":{\"@id\":\"https:\\\/\\\/fundacionelenabarraquer.com\\\/en\\\/#organization\"},\"potentialAction\":[{\"@type\":\"SearchAction\",\"target\":{\"@type\":\"EntryPoint\",\"urlTemplate\":\"https:\\\/\\\/fundacionelenabarraquer.com\\\/en\\\/?s={search_term_string}\"},\"query-input\":{\"@type\":\"PropertyValueSpecification\",\"valueRequired\":true,\"valueName\":\"search_term_string\"}}],\"inLanguage\":\"en-US\"},{\"@type\":\"Organization\",\"@id\":\"https:\\\/\\\/fundacionelenabarraquer.com\\\/en\\\/#organization\",\"name\":\"Fundaci\u00f3n Elena Barraquer\",\"url\":\"https:\\\/\\\/fundacionelenabarraquer.com\\\/en\\\/\",\"logo\":{\"@type\":\"ImageObject\",\"inLanguage\":\"en-US\",\"@id\":\"https:\\\/\\\/fundacionelenabarraquer.com\\\/en\\\/#\\\/schema\\\/logo\\\/image\\\/\",\"url\":\"https:\\\/\\\/fundacionelenabarraquer.com\\\/wp-content\\\/uploads\\\/2021\\\/04\\\/logo.svg\",\"contentUrl\":\"https:\\\/\\\/fundacionelenabarraquer.com\\\/wp-content\\\/uploads\\\/2021\\\/04\\\/logo.svg\",\"width\":210,\"height\":72,\"caption\":\"Fundaci\u00f3n Elena Barraquer\"},\"image\":{\"@id\":\"https:\\\/\\\/fundacionelenabarraquer.com\\\/en\\\/#\\\/schema\\\/logo\\\/image\\\/\"},\"sameAs\":[\"https:\\\/\\\/www.facebook.com\\\/fundacionelenabarraquer\\\/\",\"https:\\\/\\\/x.com\\\/FundEBarraquer\",\"https:\\\/\\\/www.instagram.com\\\/fundacionelenabarraquer\\\/\",\"https:\\\/\\\/es.linkedin.com\\\/organization-guest\\\/company\\\/fundacion-elena-barraquer\",\"https:\\\/\\\/www.youtube.com\\\/channel\\\/UCVaDvpu_NDor_Mk-e7UDYPQ\"]},{\"@type\":\"Person\",\"@id\":\"https:\\\/\\\/fundacionelenabarraquer.com\\\/en\\\/#\\\/schema\\\/person\\\/59f356cef69bc8a50f14b5f6eaebad9b\",\"name\":\"Fundaci\u00f3n Elena Barrquer\",\"sameAs\":[\"http:\\\/\\\/www.fundacionelenabarraquer.com\",\"https:\\\/\\\/www.facebook.com\\\/fundacionelenabarraquer\",\"https:\\\/\\\/www.instagram.com\\\/fundacionelenabarraquer\\\/\",\"https:\\\/\\\/www.linkedin.com\\\/company\\\/fundacion-elena-barraquer\"]}]}<\/script>\n<!-- \/ Yoast SEO plugin. -->","yoast_head_json":{"title":"A tournament that helps us restore sight to more than 500 people - Fundaci\u00f3n Elena Barraquer","description":"The 6th \u2018No M\u00e1s Cataratas\u2019 Charity Golf Tournament has been a very special event. We have held the tournament with the highest number of participants in","robots":{"index":"index","follow":"follow","max-snippet":"max-snippet:-1","max-image-preview":"max-image-preview:large","max-video-preview":"max-video-preview:-1"},"canonical":"https:\/\/fundacionelenabarraquer.com\/en\/un-torneo-que-nos-ayuda-a-devolver-la-vista-a-mas-de-500-personas\/","og_locale":"en_US","og_type":"article","og_title":"A tournament that helps us restore sight to more than 500 people - Fundaci\u00f3n Elena Barraquer","og_description":"The 6th \u2018No M\u00e1s Cataratas\u2019 Charity Golf Tournament has been a very special event. We have held the tournament with the highest number of participants in","og_url":"https:\/\/fundacionelenabarraquer.com\/en\/un-torneo-que-nos-ayuda-a-devolver-la-vista-a-mas-de-500-personas\/","og_site_name":"Fundaci\u00f3n Elena Barraquer","article_publisher":"https:\/\/www.facebook.com\/fundacionelenabarraquer\/","article_author":"https:\/\/www.facebook.com\/fundacionelenabarraquer","article_published_time":"2026-09-02T11:29:54+00:00","article_modified_time":"2026-09-02T11:33:52+00:00","og_image":[{"width":1200,"height":675,"url":"https:\/\/fundacionelenabarraquer.com\/wp-content\/uploads\/2026\/09\/18D6883.jpg","type":"image\/jpeg"}],"author":"Fundaci\u00f3n Elena Barrquer","twitter_card":"summary_large_image","twitter_creator":"@FundEBarraquer","twitter_site":"@FundEBarraquer","schema":{"@context":"https:\/\/schema.org","@graph":[{"@type":"Article","@id":"https:\/\/fundacionelenabarraquer.com\/en\/un-torneo-que-nos-ayuda-a-devolver-la-vista-a-mas-de-500-personas\/#article","isPartOf":{"@id":"https:\/\/fundacionelenabarraquer.com\/en\/un-torneo-que-nos-ayuda-a-devolver-la-vista-a-mas-de-500-personas\/"},"author":{"name":"Fundaci\u00f3n Elena Barrquer","@id":"https:\/\/fundacionelenabarraquer.com\/en\/#\/schema\/person\/59f356cef69bc8a50f14b5f6eaebad9b"},"headline":"A tournament that helps us restore sight to more than 500 people","datePublished":"2026-09-02T11:29:54+00:00","dateModified":"2026-09-02T11:33:52+00:00","mainEntityOfPage":{"@id":"https:\/\/fundacionelenabarraquer.com\/en\/un-torneo-que-nos-ayuda-a-devolver-la-vista-a-mas-de-500-personas\/"},"wordCount":286,"publisher":{"@id":"https:\/\/fundacionelenabarraquer.com\/en\/#organization"},"image":{"@id":"https:\/\/fundacionelenabarraquer.com\/en\/un-torneo-que-nos-ayuda-a-devolver-la-vista-a-mas-de-500-personas\/#primaryimage"},"thumbnailUrl":"https:\/\/fundacionelenabarraquer.com\/wp-content\/uploads\/2026\/09\/18D6883.jpg","keywords":["eventos"],"articleSection":["Events","News"],"inLanguage":"en-US"},{"@type":"WebPage","@id":"https:\/\/fundacionelenabarraquer.com\/en\/un-torneo-que-nos-ayuda-a-devolver-la-vista-a-mas-de-500-personas\/","url":"https:\/\/fundacionelenabarraquer.com\/en\/un-torneo-que-nos-ayuda-a-devolver-la-vista-a-mas-de-500-personas\/","name":"A tournament that helps us restore sight to more than 500 people - Fundaci\u00f3n Elena Barraquer","isPartOf":{"@id":"https:\/\/fundacionelenabarraquer.com\/en\/#website"},"primaryImageOfPage":{"@id":"https:\/\/fundacionelenabarraquer.com\/en\/un-torneo-que-nos-ayuda-a-devolver-la-vista-a-mas-de-500-personas\/#primaryimage"},"image":{"@id":"https:\/\/fundacionelenabarraquer.com\/en\/un-torneo-que-nos-ayuda-a-devolver-la-vista-a-mas-de-500-personas\/#primaryimage"},"thumbnailUrl":"https:\/\/fundacionelenabarraquer.com\/wp-content\/uploads\/2026\/09\/18D6883.jpg","datePublished":"2026-09-02T11:29:54+00:00","dateModified":"2026-09-02T11:33:52+00:00","description":"The 6th \u2018No M\u00e1s Cataratas\u2019 Charity Golf Tournament has been a very special event. We have held the tournament with the highest number of participants in","breadcrumb":{"@id":"https:\/\/fundacionelenabarraquer.com\/en\/un-torneo-que-nos-ayuda-a-devolver-la-vista-a-mas-de-500-personas\/#breadcrumb"},"inLanguage":"en-US","potentialAction":[{"@type":"ReadAction","target":["https:\/\/fundacionelenabarraquer.com\/en\/un-torneo-que-nos-ayuda-a-devolver-la-vista-a-mas-de-500-personas\/"]}]},{"@type":"ImageObject","inLanguage":"en-US","@id":"https:\/\/fundacionelenabarraquer.com\/en\/un-torneo-que-nos-ayuda-a-devolver-la-vista-a-mas-de-500-personas\/#primaryimage","url":"https:\/\/fundacionelenabarraquer.com\/wp-content\/uploads\/2026\/09\/18D6883.jpg","contentUrl":"https:\/\/fundacionelenabarraquer.com\/wp-content\/uploads\/2026\/09\/18D6883.jpg","width":1200,"height":675},{"@type":"BreadcrumbList","@id":"https:\/\/fundacionelenabarraquer.com\/en\/un-torneo-que-nos-ayuda-a-devolver-la-vista-a-mas-de-500-personas\/#breadcrumb","itemListElement":[{"@type":"ListItem","position":1,"name":"Inicio","item":"https:\/\/fundacionelenabarraquer.com\/en\/"},{"@type":"ListItem","position":2,"name":"A tournament that helps us restore sight to more than 500 people"}]},{"@type":"WebSite","@id":"https:\/\/fundacionelenabarraquer.com\/en\/#website","url":"https:\/\/fundacionelenabarraquer.com\/en\/","name":"Fundaci\u00f3n Elena Barraquer","description":"Somos una organizaci\u00f3n sin \u00e1nimo de lucro que lucha contra la ceguera causada por cataratas en pa\u00edses en desarrollo.","publisher":{"@id":"https:\/\/fundacionelenabarraquer.com\/en\/#organization"},"potentialAction":[{"@type":"SearchAction","target":{"@type":"EntryPoint","urlTemplate":"https:\/\/fundacionelenabarraquer.com\/en\/?s={search_term_string}"},"query-input":{"@type":"PropertyValueSpecification","valueRequired":true,"valueName":"search_term_string"}}],"inLanguage":"en-US"},{"@type":"Organization","@id":"https:\/\/fundacionelenabarraquer.com\/en\/#organization","name":"Fundaci\u00f3n Elena Barraquer","url":"https:\/\/fundacionelenabarraquer.com\/en\/","logo":{"@type":"ImageObject","inLanguage":"en-US","@id":"https:\/\/fundacionelenabarraquer.com\/en\/#\/schema\/logo\/image\/","url":"https:\/\/fundacionelenabarraquer.com\/wp-content\/uploads\/2021\/04\/logo.svg","contentUrl":"https:\/\/fundacionelenabarraquer.com\/wp-content\/uploads\/2021\/04\/logo.svg","width":210,"height":72,"caption":"Fundaci\u00f3n Elena Barraquer"},"image":{"@id":"https:\/\/fundacionelenabarraquer.com\/en\/#\/schema\/logo\/image\/"},"sameAs":["https:\/\/www.facebook.com\/fundacionelenabarraquer\/","https:\/\/x.com\/FundEBarraquer","https:\/\/www.instagram.com\/fundacionelenabarraquer\/","https:\/\/es.linkedin.com\/organization-guest\/company\/fundacion-elena-barraquer","https:\/\/www.youtube.com\/channel\/UCVaDvpu_NDor_Mk-e7UDYPQ"]},{"@type":"Person","@id":"https:\/\/fundacionelenabarraquer.com\/en\/#\/schema\/person\/59f356cef69bc8a50f14b5f6eaebad9b","name":"Fundaci\u00f3n Elena Barrquer","sameAs":["http:\/\/www.fundacionelenabarraquer.com","https:\/\/www.facebook.com\/fundacionelenabarraquer","https:\/\/www.instagram.com\/fundacionelenabarraquer\/","https:\/\/www.linkedin.com\/company\/fundacion-elena-barraquer"]}]}},"_links":{"self":[{"href":"https:\/\/fundacionelenabarraquer.com\/en\/wp-json\/wp\/v2\/posts\/4343","targetHints":{"allow":["GET"]}}],"collection":[{"href":"https:\/\/fundacionelenabarraquer.com\/en\/wp-json\/wp\/v2\/posts"}],"about":[{"href":"https:\/\/fundacionelenabarraquer.com\/en\/wp-json\/wp\/v2\/types\/post"}],"author":[{"embeddable":true,"href":"https:\/\/fundacionelenabarraquer.com\/en\/wp-json\/wp\/v2\/users\/2"}],"replies":[{"embeddable":true,"href":"https:\/\/fundacionelenabarraquer.com\/en\/wp-json\/wp\/v2\/comments?post=4343"}],"version-history":[{"count":0,"href":"https:\/\/fundacionelenabarraquer.com\/en\/wp-json\/wp\/v2\/posts\/4343\/revisions"}],"wp:featuredmedia":[{"embeddable":true,"href":"https:\/\/fundacionelenabarraquer.com\/en\/wp-json\/wp\/v2\/media\/4346"}],"wp:attachment":[{"href":"https:\/\/fundacionelenabarraquer.com\/en\/wp-json\/wp\/v2\/media?parent=4343"}],"wp:term":[{"taxonomy":"category","embeddable":true,"href":"https:\/\/fundacionelenabarraquer.com\/en\/wp-json\/wp\/v2\/categories?post=4343"},{"taxonomy":"post_tag","embeddable":true,"href":"https:\/\/fundacionelenabarraquer.com\/en\/wp-json\/wp\/v2\/tags?post=4343"}],"curies":[{"name":"wp","href":"https:\/\/api.w.org\/{rel}","templated":true}]}}